{"id":3035,"date":"2024-09-28T13:04:17","date_gmt":"2024-09-28T13:04:17","guid":{"rendered":"https:\/\/cohabitarcarpediem.uy\/coop\/?p=3035"},"modified":"2024-09-28T13:15:51","modified_gmt":"2024-09-28T13:15:51","slug":"novedades-de-setiembre","status":"publish","type":"post","link":"https:\/\/cohabitarcarpediem.uy\/coop\/2024\/09\/28\/novedades-de-setiembre\/","title":{"rendered":"Novedades de Setiembre"},"content":{"rendered":"\n<!--more-->\n\n\n\n<div style=\"height:37px\" aria-hidden=\"true\" class=\"wp-block-spacer\"><\/div>\n\n\n\n<figure class=\"wp-block-image size-full\"><img fetchpriority=\"high\" decoding=\"async\" width=\"1380\" height=\"776\" src=\"https:\/\/cohabitarcarpediem.uy\/coop\/wp-content\/uploads\/2024\/09\/dd.jpg\" alt=\"\" class=\"wp-image-3050\" srcset=\"https:\/\/cohabitarcarpediem.uy\/coop\/wp-content\/uploads\/2024\/09\/dd.jpg 1380w, https:\/\/cohabitarcarpediem.uy\/coop\/wp-content\/uploads\/2024\/09\/dd-1067x600.jpg 1067w, https:\/\/cohabitarcarpediem.uy\/coop\/wp-content\/uploads\/2024\/09\/dd-1024x576.jpg 1024w, https:\/\/cohabitarcarpediem.uy\/coop\/wp-content\/uploads\/2024\/09\/dd-150x84.jpg 150w, https:\/\/cohabitarcarpediem.uy\/coop\/wp-content\/uploads\/2024\/09\/dd-768x432.jpg 768w\" sizes=\"(max-width: 1380px) 100vw, 1380px\" \/><\/figure>\n\n\n\n<p>En un mes de inquieta primavera, desde la Cooperativa Carpe Diem nos encontramos con una intensa actividad para incorporar nuevos integrantes a nuestro querido proyecto. Como eslabones de una fuerte cadena, hemos atendido a varios medios de comunicaci\u00f3n interesados por hacer conocer este innovador estilo de vida para personas mayores de 50 a\u00f1os. Al decir innovador, nos referimos al caso de Uruguay y Am\u00e9rica Latina, ya que en Dinamarca se viene desarrollando desde los a\u00f1os 60 &#8211; 70 y en Espa\u00f1a desde hace unos 20 a\u00f1os.<\/p>\n\n\n\n<p><a href=\"https:\/\/www.noticiasdenavarra.com\/pamplona\/2024\/09\/25\/pamplona-da-primeros-pasos-alojamiento-8729962.html\" target=\"_blank\" rel=\"noreferrer noopener\">San Juan acoger\u00e1 un inmueble de viviendas colaborativas para mayores de 60 a\u00f1os<\/a><\/p>\n\n\n\n<p>\u00abLos amigos de Pamplona, de la cooperativa&nbsp;Etxekonak, dan los primeros pasos hacia la construcci\u00f3n de un alojamiento colaborativo para personas mayores de 60 a\u00f1os. Siguen creciendo en el mundo estas diferentes formas de habitar\u00bb<\/p>\n\n\n\n<p><strong>El jueves 27 de setiembre, MVD noticias de TV Ciudad se hizo presente en el predio de Carpe Diem\u00a0<\/strong>\u00a0\u00a0\u00a0<\/p>\n\n\n\n<figure class=\"wp-block-embed is-type-video is-provider-youtube wp-block-embed-youtube wp-embed-aspect-16-9 wp-has-aspect-ratio\"><div class=\"wp-block-embed__wrapper\">\n<iframe  id=\"_ytid_51261\"  width=\"1170\" height=\"658\"  data-origwidth=\"1170\" data-origheight=\"658\" src=\"https:\/\/www.youtube.com\/embed\/293LjqvrCa8?enablejsapi=1&#038;autoplay=0&#038;cc_load_policy=0&#038;cc_lang_pref=&#038;iv_load_policy=1&#038;loop=0&#038;rel=1&#038;fs=1&#038;playsinline=0&#038;autohide=2&#038;theme=dark&#038;color=red&#038;controls=1&#038;disablekb=0&#038;\" class=\"__youtube_prefs__  epyt-is-override  no-lazyload\" title=\"YouTube player\"  allow=\"fullscreen; accelerometer; autoplay; clipboard-write; encrypted-media; gyroscope; picture-in-picture; web-share\" referrerpolicy=\"strict-origin-when-cross-origin\" allowfullscreen data-no-lazy=\"1\" data-skipgform_ajax_framebjll=\"\"><\/iframe>\n<\/div><\/figure>\n\n\n\n<p>Invitados por la Fundaci\u00f3n Astur, el viernes 28 de setiembre, participamos de la conferencia: \u00abHablemos de Soledad\u00bb,&nbsp; que en la UCU brind\u00f3 la Lic. Matilde Fern\u00e1ndez Sanz junto al Cr. Enrique Iglesias y el Dr. Alejandro L\u00f3pez.&nbsp; Con ella intercambiamos nuestra experiencia para continuar futuros contactos en la construcci\u00f3n de otros estilos de vida que preserven a las personas de las soledades cr\u00f3nicas.&nbsp;&nbsp;<\/p>\n\n\n\n<p>Para conocer sobre el tema, dejamos el link a la nota que le realizaran en el programa En perspectiva de 1170 AM<\/p>\n\n\n\n<figure class=\"wp-block-embed is-type-video is-provider-youtube wp-block-embed-youtube wp-embed-aspect-16-9 wp-has-aspect-ratio\"><div class=\"wp-block-embed__wrapper\">\n<iframe  id=\"_ytid_66021\"  width=\"1170\" height=\"658\"  data-origwidth=\"1170\" data-origheight=\"658\" src=\"https:\/\/www.youtube.com\/embed\/AToXrFOeTD8?enablejsapi=1&#038;autoplay=0&#038;cc_load_policy=0&#038;cc_lang_pref=&#038;iv_load_policy=1&#038;loop=0&#038;rel=1&#038;fs=1&#038;playsinline=0&#038;autohide=2&#038;theme=dark&#038;color=red&#038;controls=1&#038;disablekb=0&#038;\" class=\"__youtube_prefs__  epyt-is-override  no-lazyload\" title=\"YouTube player\"  allow=\"fullscreen; accelerometer; autoplay; clipboard-write; encrypted-media; gyroscope; picture-in-picture; web-share\" referrerpolicy=\"strict-origin-when-cross-origin\" allowfullscreen data-no-lazy=\"1\" data-skipgform_ajax_framebjll=\"\"><\/iframe>\n<\/div><\/figure>\n\n\n\n<p><\/p>\n\n\n\n<p><\/p>\n","protected":false},"excerpt":{"rendered":"","protected":false},"author":1,"featured_media":3040,"comment_status":"closed","ping_status":"closed","sticky":false,"template":"","format":"standard","meta":{"footnotes":""},"categories":[6],"tags":[],"class_list":["post-3035","post","type-post","status-publish","format-standard","has-post-thumbnail","hentry","category-noticias"],"_links":{"self":[{"href":"https:\/\/cohabitarcarpediem.uy\/coop\/wp-json\/wp\/v2\/posts\/3035","targetHints":{"allow":["GET"]}}],"collection":[{"href":"https:\/\/cohabitarcarpediem.uy\/coop\/wp-json\/wp\/v2\/posts"}],"about":[{"href":"https:\/\/cohabitarcarpediem.uy\/coop\/wp-json\/wp\/v2\/types\/post"}],"author":[{"embeddable":true,"href":"https:\/\/cohabitarcarpediem.uy\/coop\/wp-json\/wp\/v2\/users\/1"}],"replies":[{"embeddable":true,"href":"https:\/\/cohabitarcarpediem.uy\/coop\/wp-json\/wp\/v2\/comments?post=3035"}],"version-history":[{"count":12,"href":"https:\/\/cohabitarcarpediem.uy\/coop\/wp-json\/wp\/v2\/posts\/3035\/revisions"}],"predecessor-version":[{"id":3052,"href":"https:\/\/cohabitarcarpediem.uy\/coop\/wp-json\/wp\/v2\/posts\/3035\/revisions\/3052"}],"wp:featuredmedia":[{"embeddable":true,"href":"https:\/\/cohabitarcarpediem.uy\/coop\/wp-json\/wp\/v2\/media\/3040"}],"wp:attachment":[{"href":"https:\/\/cohabitarcarpediem.uy\/coop\/wp-json\/wp\/v2\/media?parent=3035"}],"wp:term":[{"taxonomy":"category","embeddable":true,"href":"https:\/\/cohabitarcarpediem.uy\/coop\/wp-json\/wp\/v2\/categories?post=3035"},{"taxonomy":"post_tag","embeddable":true,"href":"https:\/\/cohabitarcarpediem.uy\/coop\/wp-json\/wp\/v2\/tags?post=3035"}],"curies":[{"name":"wp","href":"https:\/\/api.w.org\/{rel}","templated":true}]}}