{"id":2998,"date":"2024-08-27T22:12:39","date_gmt":"2024-08-27T22:12:39","guid":{"rendered":"https:\/\/cohabitarcarpediem.uy\/coop\/?p=2998"},"modified":"2024-08-28T12:34:38","modified_gmt":"2024-08-28T12:34:38","slug":"carpe-diem-transitar-la-adultez-y-la-vejez-en-compania","status":"publish","type":"post","link":"https:\/\/cohabitarcarpediem.uy\/coop\/2024\/08\/27\/carpe-diem-transitar-la-adultez-y-la-vejez-en-compania\/","title":{"rendered":"Carpe Diem: transitar la adultez y la vejez en compa\u00f1\u00eda"},"content":{"rendered":"\n<!--more-->\n\n\n\n<figure class=\"wp-block-image size-large\"><a href=\"https:\/\/www.canal10.com.uy\/carpe-diem-transitar-la-adultez-y-la-vejez-compania-n955483\" target=\"_blank\" rel=\"noreferrer noopener\"><img fetchpriority=\"high\" decoding=\"async\" width=\"1024\" height=\"570\" src=\"https:\/\/cohabitarcarpediem.uy\/coop\/wp-content\/uploads\/2024\/08\/a-1-1024x570.jpg\" alt=\"\" class=\"wp-image-2999\" srcset=\"https:\/\/cohabitarcarpediem.uy\/coop\/wp-content\/uploads\/2024\/08\/a-1-1024x570.jpg 1024w, https:\/\/cohabitarcarpediem.uy\/coop\/wp-content\/uploads\/2024\/08\/a-1-150x84.jpg 150w, https:\/\/cohabitarcarpediem.uy\/coop\/wp-content\/uploads\/2024\/08\/a-1-768x428.jpg 768w, https:\/\/cohabitarcarpediem.uy\/coop\/wp-content\/uploads\/2024\/08\/a-1.jpg 1065w\" sizes=\"(max-width: 1024px) 100vw, 1024px\" \/><\/a><\/figure>\n\n\n\n<p><strong>ARRIBA GENTE\u00a0| 27-08-2024<\/strong><\/p>\n\n\n\n<p>\u00bfDe qu\u00e9 manera se puede encarar la adultez y la vejez? Para responder \u00e9sta y otras preguntas nos visit\u00f3 esta ma\u00f1ana\u00a0Lizet De Le\u00f3n, presidenta de la cooperativa\u00a0Carpe Diem.<\/p>\n\n\n\n<p><\/p>\n","protected":false},"excerpt":{"rendered":"","protected":false},"author":1,"featured_media":2999,"comment_status":"closed","ping_status":"closed","sticky":false,"template":"","format":"standard","meta":{"footnotes":""},"categories":[6],"tags":[],"class_list":["post-2998","post","type-post","status-publish","format-standard","has-post-thumbnail","hentry","category-noticias"],"_links":{"self":[{"href":"https:\/\/cohabitarcarpediem.uy\/coop\/wp-json\/wp\/v2\/posts\/2998","targetHints":{"allow":["GET"]}}],"collection":[{"href":"https:\/\/cohabitarcarpediem.uy\/coop\/wp-json\/wp\/v2\/posts"}],"about":[{"href":"https:\/\/cohabitarcarpediem.uy\/coop\/wp-json\/wp\/v2\/types\/post"}],"author":[{"embeddable":true,"href":"https:\/\/cohabitarcarpediem.uy\/coop\/wp-json\/wp\/v2\/users\/1"}],"replies":[{"embeddable":true,"href":"https:\/\/cohabitarcarpediem.uy\/coop\/wp-json\/wp\/v2\/comments?post=2998"}],"version-history":[{"count":6,"href":"https:\/\/cohabitarcarpediem.uy\/coop\/wp-json\/wp\/v2\/posts\/2998\/revisions"}],"predecessor-version":[{"id":3005,"href":"https:\/\/cohabitarcarpediem.uy\/coop\/wp-json\/wp\/v2\/posts\/2998\/revisions\/3005"}],"wp:featuredmedia":[{"embeddable":true,"href":"https:\/\/cohabitarcarpediem.uy\/coop\/wp-json\/wp\/v2\/media\/2999"}],"wp:attachment":[{"href":"https:\/\/cohabitarcarpediem.uy\/coop\/wp-json\/wp\/v2\/media?parent=2998"}],"wp:term":[{"taxonomy":"category","embeddable":true,"href":"https:\/\/cohabitarcarpediem.uy\/coop\/wp-json\/wp\/v2\/categories?post=2998"},{"taxonomy":"post_tag","embeddable":true,"href":"https:\/\/cohabitarcarpediem.uy\/coop\/wp-json\/wp\/v2\/tags?post=2998"}],"curies":[{"name":"wp","href":"https:\/\/api.w.org\/{rel}","templated":true}]}}