{"id":2957,"date":"2024-08-13T12:46:31","date_gmt":"2024-08-13T12:46:31","guid":{"rendered":"https:\/\/cohabitarcarpediem.uy\/coop\/?p=2957"},"modified":"2024-08-13T12:54:25","modified_gmt":"2024-08-13T12:54:25","slug":"carpe-diem-un-grupo-de-mayores-de-50-anos-en-busca-del-sueno-de-envejecer-con-amigos","status":"publish","type":"post","link":"https:\/\/cohabitarcarpediem.uy\/coop\/2024\/08\/13\/carpe-diem-un-grupo-de-mayores-de-50-anos-en-busca-del-sueno-de-envejecer-con-amigos\/","title":{"rendered":"\u201cCarpe Diem\u201d: un grupo de mayores de 50 a\u00f1os en busca del sue\u00f1o de envejecer con amigos"},"content":{"rendered":"\n<!--more-->\n\n\n\n<div style=\"height:38px\" aria-hidden=\"true\" class=\"wp-block-spacer\"><\/div>\n\n\n<div class=\"wp-block-image\">\n<figure class=\"aligncenter size-full\"><img fetchpriority=\"high\" decoding=\"async\" width=\"933\" height=\"712\" src=\"https:\/\/cohabitarcarpediem.uy\/coop\/wp-content\/uploads\/2024\/08\/a.jpg\" alt=\"\" class=\"wp-image-2958\" srcset=\"https:\/\/cohabitarcarpediem.uy\/coop\/wp-content\/uploads\/2024\/08\/a.jpg 933w, https:\/\/cohabitarcarpediem.uy\/coop\/wp-content\/uploads\/2024\/08\/a-786x600.jpg 786w, https:\/\/cohabitarcarpediem.uy\/coop\/wp-content\/uploads\/2024\/08\/a-150x114.jpg 150w, https:\/\/cohabitarcarpediem.uy\/coop\/wp-content\/uploads\/2024\/08\/a-768x586.jpg 768w\" sizes=\"(max-width: 933px) 100vw, 933px\" \/><\/figure>\n<\/div>\n\n\n<div style=\"height:37px\" aria-hidden=\"true\" class=\"wp-block-spacer\"><\/div>\n\n\n\n<h3 class=\"wp-block-heading\">La idea de compartir un vecindario autogestionado, que surgi\u00f3 en 2016, se encamina a ser el \u201ccohousing senior\u201d m\u00e1s grande de Uruguay.<\/h3>\n\n\n\n<p>\u201cSomos los viejos hippies\u201d, coment\u00f3 entre risas Lizet de Le\u00f3n (60) sobre su grupo de amigos \u201cde toda la vida\u201d, quienes en 2016 so\u00f1aron con el proyecto de&nbsp;\u201cenvejecer viviendo en comunidad\u201d, algo que hoy est\u00e1 cada vez m\u00e1s cerca de volverse realidad.<\/p>\n\n\n\n<p>Un d\u00eda encontraron c\u00f3mo se llama lo que imaginaban: un&nbsp;<em>cohousing<\/em>&nbsp;<em>senior<\/em>&nbsp;o, traducido, una covivienda para personas mayores.<\/p>\n\n\n\n<p>Tiempo despu\u00e9s, en 2022, en busca de una estructura organizativa para darle forma a la idea, dieron con el sistema cooperativo. \u201cEs lo que nosotros somos: un grupo de personas que cooperan y que quiere fomentar eso\u201d, detall\u00f3 a&nbsp;<em>Montevideo Portal<\/em>.<\/p>\n\n\n\n<p>\u201cDe alguna manera hemos tenido siempre esa fantas\u00eda de irnos a vivir con los amigos en alg\u00fan momento de la vida: vivir y compartir nuestro tiempo con los amigos. Y, a medida que uno va creciendo, quiere concretar esa idea\u201d, ampli\u00f3 De Le\u00f3n.<\/p>\n\n\n\n<p>A este ideal que fueron creando un d\u00eda lo bautizaron como Carpe Diem. \u201cNos re\u00edmos porque todos somos m\u00e1s o menos de la d\u00e9cada del 60 y del 50 y pico, entonces estaba muy de moda el tema de los hippies\u201d, relat\u00f3.<\/p>\n\n\n\n<p>El objetivo de ella y sus compa\u00f1eros de proyecto es generar un espacio dise\u00f1ado, gestionado y administrado por sus propios habitantes. Eso s\u00ed, con una caracter\u00edstica particular: todos deben ser mayores de 50 a\u00f1os.<\/p>\n\n\n\n<p>El concepto se asimila a la cooperativa de viviendas tradicional. \u201cPero es m\u00e1s que la cooperativa, porque no es solo el servicio de alojamiento, sino que son todos los servicios de vivir en un lugar. Es un barrio autogestionado\u201d, lo defini\u00f3 quien trabaja como bi\u00f3loga para el Ministerio de Ambiente y preside de forma honoraria la cooperativa.<\/p>\n\n\n<div class=\"wp-block-image\">\n<figure class=\"aligncenter size-full\"><img decoding=\"async\" width=\"933\" height=\"697\" src=\"https:\/\/cohabitarcarpediem.uy\/coop\/wp-content\/uploads\/2024\/08\/b.jpg\" alt=\"\" class=\"wp-image-2959\" srcset=\"https:\/\/cohabitarcarpediem.uy\/coop\/wp-content\/uploads\/2024\/08\/b.jpg 933w, https:\/\/cohabitarcarpediem.uy\/coop\/wp-content\/uploads\/2024\/08\/b-803x600.jpg 803w, https:\/\/cohabitarcarpediem.uy\/coop\/wp-content\/uploads\/2024\/08\/b-150x112.jpg 150w, https:\/\/cohabitarcarpediem.uy\/coop\/wp-content\/uploads\/2024\/08\/b-768x574.jpg 768w\" sizes=\"(max-width: 933px) 100vw, 933px\" \/><\/figure>\n<\/div>\n\n\n<p class=\"has-text-align-center\">Foto: Carpe Diem<\/p>\n\n\n\n<p>\u201cLo que tiene de hippie esto es que confi\u00e1s en las personas. Cre\u00e1s una comunidad de amigos, una vecindad de personas con las que te conoc\u00e9s y con las que compart\u00eds cosas. Nos cuidamos entre todos, estamos atentos a nuestro vecino. No es que tengo un lugar donde vivir y me encierro. La idea es, justamente, velar por quien est\u00e1 al lado: si est\u00e1 bien, si necesita algo, o si vos necesit\u00e1s algo; una ayuda mutua\u201d, plante\u00f3 Lizet, que es oriunda de Sarand\u00ed Grande, Florida.<\/p>\n\n\n\n<p>De hecho, la mayor\u00eda de los integrantes de Carpe Diem son del interior e, incluso, en su \u00e9poca como estudiantes, vivieron juntos en Montevideo. Eso, dice, defini\u00f3 la impronta del proyecto.<\/p>\n\n\n\n<p>\u201cCrecimos con ese esp\u00edritu de barrio, y es algo que la sociedad te ha llevado a perder porque te ten\u00e9s que defender como puedas. El individualismo y la competencia son valores que no compartimos del todo\u201d, plante\u00f3.<\/p>\n\n\n\n<figure class=\"wp-block-embed aligncenter is-type-video is-provider-youtube wp-block-embed-youtube wp-embed-aspect-16-9 wp-has-aspect-ratio\"><div class=\"wp-block-embed__wrapper\">\n<iframe  id=\"_ytid_96659\"  width=\"1170\" height=\"658\"  data-origwidth=\"1170\" data-origheight=\"658\" src=\"https:\/\/www.youtube.com\/embed\/um4sWwAdQmQ?enablejsapi=1&#038;autoplay=0&#038;cc_load_policy=0&#038;cc_lang_pref=&#038;iv_load_policy=1&#038;loop=0&#038;rel=1&#038;fs=1&#038;playsinline=0&#038;autohide=2&#038;theme=dark&#038;color=red&#038;controls=1&#038;disablekb=0&#038;\" class=\"__youtube_prefs__  epyt-is-override  no-lazyload\" title=\"YouTube player\"  allow=\"fullscreen; accelerometer; autoplay; clipboard-write; encrypted-media; gyroscope; picture-in-picture; web-share\" referrerpolicy=\"strict-origin-when-cross-origin\" allowfullscreen data-no-lazy=\"1\" data-skipgform_ajax_framebjll=\"\"><\/iframe>\n<\/div><\/figure>\n\n\n\n<p>El grupo, que empez\u00f3 con tres personas y ahora est\u00e1 integrado por 13, ya compr\u00f3 un terreno de siete hect\u00e1reas en una zona cercana a la localidad de Santiago V\u00e1zquez, lim\u00edtrofe con San Jos\u00e9, y actualmente est\u00e1 en la etapa de dise\u00f1o del edificio y los espacios comunes, con la ayuda de especialistas en el \u00e1rea social y arquitect\u00f3nica.<\/p>\n\n\n\n<p class=\"has-text-align-left\">\u201cEstamos muy enamorados de nuestro terreno: tiene espacio, es soleado y, a su vez, es bien fresco. Adem\u00e1s, tiene un bosque de omb\u00faes\u201d, expres\u00f3\u00a0De Le\u00f3n, maravillada, y sum\u00f3 que el lugar cuenta con \u201cbuena conexi\u00f3n\u201d porque se encuentra en el eje de la avenida Batlle Berres, en la entrada del Parque Lecocq.<\/p>\n\n\n<div class=\"wp-block-image\">\n<figure class=\"aligncenter size-large\"><img decoding=\"async\" width=\"1024\" height=\"589\" src=\"https:\/\/cohabitarcarpediem.uy\/coop\/wp-content\/uploads\/2022\/06\/LAM4-1024x589.jpg\" alt=\"\" class=\"wp-image-975\" srcset=\"https:\/\/cohabitarcarpediem.uy\/coop\/wp-content\/uploads\/2022\/06\/LAM4-1024x589.jpg 1024w, https:\/\/cohabitarcarpediem.uy\/coop\/wp-content\/uploads\/2022\/06\/LAM4-522x300.jpg 522w, https:\/\/cohabitarcarpediem.uy\/coop\/wp-content\/uploads\/2022\/06\/LAM4-768x442.jpg 768w, https:\/\/cohabitarcarpediem.uy\/coop\/wp-content\/uploads\/2022\/06\/LAM4.jpg 1087w\" sizes=\"(max-width: 1024px) 100vw, 1024px\" \/><\/figure>\n<\/div>\n\n\n<p class=\"has-text-align-center\">Foto: Carpe Diem<\/p>\n\n\n\n<p><strong>Planificaci\u00f3n<\/strong><\/p>\n\n\n\n<p>La cooperativa tiene su p\u00e1gina web <a href=\"https:\/\/cohabitarcarpediem.uy\/coop\/\" target=\"_blank\" rel=\"noreferrer noopener\">cohabitarcarpediem.uy<\/a> , all\u00ed se puede encontrar informaci\u00f3n sobre ellos y algunos planos arquitect\u00f3nicos de c\u00f3mo se ver\u00eda el lugar. Estos fueron trazados gracias a que entre 2020 y 2021 consiguieron el asesoramiento de Incubacoop, un dispositivo de impulso a cooperativas que existe dentro del Ministerio de Industria, Energ\u00eda y Miner\u00eda.<\/p>\n\n\n\n<p>As\u00ed, en medio de la pandemia y con ayuda de especialistas en distintas \u00e1reas, generaron un plan de trabajo, trazaron un objetivo, y definieron cuestiones financieras y sociales de la cooperativa.<\/p>\n\n\n\n<p>Hoy buscan sumar integrantes hasta llegar a ser 45 personas. \u201cDe los estudios surgi\u00f3 que el n\u00famero \u00f3ptimo son 30 alojamientos, de los cuales 15 sean completados con personas solas, y 15, con duplas\u201d, cont\u00f3 Lizet de Le\u00f3n, quien integra una \u201cdupla\u201d con Nacho, su pareja. \u201cEn eso estamos, consiguiendo principalmente duplas, porque personas solas hay un mont\u00f3n\u201d, complet\u00f3.<\/p>\n\n\n\n<p><strong>Antecedentes e inspiraci\u00f3n<\/strong><\/p>\n\n\n\n<p>Si bien en Uruguay no existe un \u201ccohousing\u201d para la tercera edad en funcionamiento, s\u00ed hay al menos otros dos grupos que se est\u00e1n armando con \u201cuna idea similar\u201d.<\/p>\n\n\n\n<p>Se trata del colectivo Mujeres con Historia, integrado por mujeres feministas, y otra cooperativa a escala m\u00e1s peque\u00f1a llamada Angiru. Este \u00faltimo grupo tambi\u00e9n tiene un predio adquirido, ubicado en la Costa de Oro, y ya lleva construidas ocho viviendas.<\/p>\n\n\n\n<p>En el caso de Carpe Dim, cuando se termine el proyecto \u2014que esperan sea en 2027\u2014, se convertir\u00e1 en el&nbsp;<em>cohousing senior&nbsp;<\/em>m\u00e1s grande del Uruguay.<\/p>\n\n\n\n<p>Pero hace ocho a\u00f1os, cuando empezaron, apenas se estaba conociendo el concepto de \u201ccoliving\u201d, que hoy se ha popularizado entre los j\u00f3venes. Por eso, ese grupo de amigos so\u00f1adores se ocup\u00f3 de reunir informaci\u00f3n sobre c\u00f3mo se organizan los cohousing en otras partes del mundo, y encontraron inspiraci\u00f3n en proyectos de Dinamarca y Espa\u00f1a.<\/p>\n\n\n\n<p>\u201cDe hecho, compa\u00f1eros han estado en Espa\u00f1a visitando varios cohousings. A su vez, ellos han venido ac\u00e1 tambi\u00e9n para intercambiar, sobre todo, de las dificultades que conlleva\u201d, detall\u00f3 De Le\u00f3n.<\/p>\n\n\n\n<p>De todas maneras, admiti\u00f3 que \u201cson realidades distintas administrativas y econ\u00f3micas\u201d.<\/p>\n\n\n\n<p>En Uruguay, por ejemplo, conformarse como cooperativa requiri\u00f3 de establecer un estatuto donde se sentaron las bases y la finalidad de Carpe Diem.<\/p>\n\n\n\n<p>En ese documento, cont\u00f3 la presidenta de la cooperativa, se defini\u00f3 la edad para el ingreso entre 50 y 70 a\u00f1os. Sin embargo, la cooperativista acot\u00f3 que el l\u00edmite de 70 \u201cadmite excepciones\u201d.<\/p>\n\n\n\n<p>\u201cPretendimos ponerle un l\u00edmite superior al ingreso como para decir: \u2018No pienses que vas a venir con 90 a\u00f1os o con 80 a\u00f1os, cuando est\u00e1s cansado, porque esto implica trabajar y estar activo. No es una casa de salud, no es un residencial\u201d, enfatiz\u00f3.<\/p>\n\n\n\n<p>En esta l\u00ednea, el estatuto tampoco autoriza la vida permanente de ni\u00f1os: \u201cS\u00ed pueden visitar o estar un tiempo\u201d.<\/p>\n\n\n\n<p class=\"has-text-align-left\">\u201cCon 50 a\u00f1os, vos est\u00e1s trabajando. La idea es que pueda servir, incluso, como una inversi\u00f3n. Si no ten\u00e9s casa todav\u00eda, invert\u00eds tu dinero en Carpe Diem y ten\u00e9s tu alojamiento. Pod\u00e9s trabajar, hacer tu vida normalmente y, cuando te vas de vacaciones, ten\u00e9s quien te cuida las plantas o las mascotas\u201d, dijo De Le\u00f3n, y cont\u00f3 que, si bien todos los miembros empezaron trabajando, a lo largo de estos a\u00f1os se fueron jubilando y hoy son \u201ccuatro o cinco\u201d los econ\u00f3micamente activos.<\/p>\n\n\n<div class=\"wp-block-image\">\n<figure class=\"aligncenter size-full\"><img loading=\"lazy\" decoding=\"async\" width=\"933\" height=\"525\" src=\"https:\/\/cohabitarcarpediem.uy\/coop\/wp-content\/uploads\/2024\/08\/d.jpg\" alt=\"\" class=\"wp-image-2960\" srcset=\"https:\/\/cohabitarcarpediem.uy\/coop\/wp-content\/uploads\/2024\/08\/d.jpg 933w, https:\/\/cohabitarcarpediem.uy\/coop\/wp-content\/uploads\/2024\/08\/d-150x84.jpg 150w, https:\/\/cohabitarcarpediem.uy\/coop\/wp-content\/uploads\/2024\/08\/d-768x432.jpg 768w\" sizes=\"(max-width: 933px) 100vw, 933px\" \/><\/figure>\n<\/div>\n\n\n<p class=\"has-text-align-center\">Foto: Carpe Diem<\/p>\n\n\n\n<p><strong>Financiaci\u00f3n y socios<\/strong><\/p>\n\n\n\n<p>Por ahora la cooperativa se autofinancia en un 100% a trav\u00e9s de aportes individuales de sus miembros.<\/p>\n\n\n\n<p>Para ingresar se debe abonar durante 12 meses la cuota de gasto social, que son unos $ 1.800 (300 Unidades Indexadas) mensuales.<\/p>\n\n\n\n<p>Adem\u00e1s, tienen de tres a seis meses \u2014dependiendo de si es una persona sola o una dupla\u2014 para pagar alrededor de US$ 17.000 y unas 5.500 Unidades Indexadas (unos $ 33.000), que es el monto total que han invertido por persona los socios que ya son parte de Carpe Diem hasta ahora.<\/p>\n\n\n\n<p>Y, si bien todav\u00eda no tienen un monto total de la inversi\u00f3n, son conscientes de que van a necesitar, al menos, un pr\u00e9stamo puente para ejecutar la obra.<\/p>\n\n\n\n<p>\u201cTodos tenemos nuestra propia casa, que la vamos a tener que vender para terminar de pagar el ingreso a Carpe Diem. Pero, mientras tanto, vamos a necesitar un pr\u00e9stamo por un per\u00edodo que estimamos de tres o cuatro a\u00f1os. Ah\u00ed devolver\u00edamos el dinero\u201d, especific\u00f3 De Le\u00f3n, y apunt\u00f3 a que est\u00e1n abiertos a financiaci\u00f3n de privados, pero que este tipo de construcciones en Europa \u201cse suelen financiar con banca \u00e9tica, porque son proyectos sociales\u201d.<\/p>\n\n\n\n<p>De todos modos, los vecinos aclaran que no se ingresa solo por contar con los fondos y cumplir con el requisito de la edad. El proceso para el ingreso lleva, por lo menos, dos meses.<\/p>\n\n\n\n<p>\u201cNos vamos conociendo, nos reunimos, con algunos en forma individual, y despu\u00e9s en actividades con grupos\u201d, afirm\u00f3 De Le\u00f3n. \u201cNo es: \u2018Me gusta la idea, tengo la plata y entro\u2019. No. Hacemos reuniones, talleres, actividades y, ahora que tenemos el terreno, nos facilita bastante tener encuentros con los aspirantes\u201d, ampli\u00f3.<\/p>\n\n\n\n<iframe src=\"https:\/\/www.facebook.com\/plugins\/post.php?href=https%3A%2F%2Fwww.facebook.com%2FCoodi.Cooperativa%2Fposts%2Fpfbid0aMJQnbKGy7jyLn2LghSpc8CaYTWUw4HyHMyMVsXMLrY2DGncm6iqKqPk6qAp8zbfl&#038;show_text=true&#038;width=500\" width=\"500\" height=\"545\" style=\"border:none;overflow:hidden\" scrolling=\"no\" frameborder=\"0\" allowfullscreen=\"true\" allow=\"autoplay; clipboard-write; encrypted-media; picture-in-picture; web-share\"><\/iframe>\n\n\n\n<p><strong>El sue\u00f1o<\/strong><\/p>\n\n\n\n<p>\u201c\u00bfC\u00f3mo ser\u00e1 Carpe Diem edificado? \u00a1Contin\u00faa el trabajo de intercambio y apoyo t\u00e9cnico que nos tiene super entusiasmados y felices!\u201d, se lee en una publicaci\u00f3n realizada el 21 de julio en Facebook por los integrantes del futuro vecindario.<\/p>\n\n\n\n<p>All\u00ed aparecen fotos de De Le\u00f3n y sus otros 12 compa\u00f1eros. En la galer\u00eda de im\u00e1genes se aprecia una sala con las paredes atestadas de planos del campo en donde vivir\u00e1n, llenos de post it y marcados con colores.<\/p>\n\n\n\n<p>El complejo que sue\u00f1an tendr\u00e1 apartamentos individuales, pero tambi\u00e9n espacios para actividades comunes, que valoran \u201cmuy importantes\u201d.<\/p>\n\n\n\n<p>El edificio tendr\u00e1 un comedor grande, pensado como un lugar de encuentro para hacer, al menos, una comida al d\u00eda seis d\u00edas de la semana.<\/p>\n\n\n\n<iframe src=\"https:\/\/www.facebook.com\/plugins\/post.php?href=https%3A%2F%2Fwww.facebook.com%2Fpermalink.php%3Fstory_fbid%3Dpfbid02o5fm2NYGQJGdTcKxX1HEmBiLWRwLhZs4fz1uxCrDoDFEtHvxwX399Lf5aq6XoC6wl%26id%3D61559955935005&#038;show_text=true&#038;width=500\" width=\"500\" height=\"667\" style=\"border:none;overflow:hidden\" scrolling=\"no\" frameborder=\"0\" allowfullscreen=\"true\" allow=\"autoplay; clipboard-write; encrypted-media; picture-in-picture; web-share\"><\/iframe>\n\n\n\n<p>\u201cNos imaginamos que podr\u00edamos tener otros salones para gimnasia, baile o reuniones y cumplea\u00f1os. Adem\u00e1s, pensamos en espacios m\u00e1s tranquilos como una biblioteca o una salita de juegos\u201d, detall\u00f3.<\/p>\n\n\n\n<p>Y tambi\u00e9n sue\u00f1an con espacios exteriores, como placitas, bancos, jardines, una huerta y distintos tipos de espacios que faciliten el encuentro.&nbsp;<\/p>\n\n\n\n<p>\u201cEso es lo que nos imaginamos, todo depende de cu\u00e1nto nos cueste hasta d\u00f3nde podremos construir\u201d, culmin\u00f3 De Le\u00f3n con notorio entusiasmo, pero con cierta cautela.<\/p>\n\n\n\n<p><em>Fuente: Montevideo Portal <\/em><\/p>\n","protected":false},"excerpt":{"rendered":"","protected":false},"author":1,"featured_media":2964,"comment_status":"closed","ping_status":"closed","sticky":false,"template":"","format":"standard","meta":{"footnotes":""},"categories":[6],"tags":[],"class_list":["post-2957","post","type-post","status-publish","format-standard","has-post-thumbnail","hentry","category-noticias"],"_links":{"self":[{"href":"https:\/\/cohabitarcarpediem.uy\/coop\/wp-json\/wp\/v2\/posts\/2957","targetHints":{"allow":["GET"]}}],"collection":[{"href":"https:\/\/cohabitarcarpediem.uy\/coop\/wp-json\/wp\/v2\/posts"}],"about":[{"href":"https:\/\/cohabitarcarpediem.uy\/coop\/wp-json\/wp\/v2\/types\/post"}],"author":[{"embeddable":true,"href":"https:\/\/cohabitarcarpediem.uy\/coop\/wp-json\/wp\/v2\/users\/1"}],"replies":[{"embeddable":true,"href":"https:\/\/cohabitarcarpediem.uy\/coop\/wp-json\/wp\/v2\/comments?post=2957"}],"version-history":[{"count":9,"href":"https:\/\/cohabitarcarpediem.uy\/coop\/wp-json\/wp\/v2\/posts\/2957\/revisions"}],"predecessor-version":[{"id":2971,"href":"https:\/\/cohabitarcarpediem.uy\/coop\/wp-json\/wp\/v2\/posts\/2957\/revisions\/2971"}],"wp:featuredmedia":[{"embeddable":true,"href":"https:\/\/cohabitarcarpediem.uy\/coop\/wp-json\/wp\/v2\/media\/2964"}],"wp:attachment":[{"href":"https:\/\/cohabitarcarpediem.uy\/coop\/wp-json\/wp\/v2\/media?parent=2957"}],"wp:term":[{"taxonomy":"category","embeddable":true,"href":"https:\/\/cohabitarcarpediem.uy\/coop\/wp-json\/wp\/v2\/categories?post=2957"},{"taxonomy":"post_tag","embeddable":true,"href":"https:\/\/cohabitarcarpediem.uy\/coop\/wp-json\/wp\/v2\/tags?post=2957"}],"curies":[{"name":"wp","href":"https:\/\/api.w.org\/{rel}","templated":true}]}}